{"id":2522,"date":"2022-09-04T13:00:58","date_gmt":"2022-09-04T11:00:58","guid":{"rendered":"http:\/\/emtel.pl\/?p=2522"},"modified":"2022-08-29T13:12:34","modified_gmt":"2022-08-29T11:12:34","slug":"emtel-na-kongresie-polskiego-towarzystwa-kardiologicznego","status":"publish","type":"post","link":"https:\/\/emtel.pl\/index.php\/emtel-na-kongresie-polskiego-towarzystwa-kardiologicznego\/","title":{"rendered":"EMTEL na Kongresie Polskiego Towarzystwa Kardiologicznego"},"content":{"rendered":"<p>Ju\u017c dzi\u015b serdecznie zapraszamy na <strong>XXVI Mi\u0119dzynarodowy Kongres Polskiego Towarzystwa Kardiologicznego.<\/strong> Wydarzenie to odb\u0119dzie si\u0119 w dniach 22-24 wrze\u015bnia 2022 roku w Mi\u0119dzynarodowym Centrum Kongresowym w Katowicach. Jest to jedno z najwa\u017cniejszych spotka\u0144 naukowych i edukacyjnych lekarzy kardiolog\u00f3w w Polsce.<\/p>\n<p>B\u0119dziemy prezentowa\u0107 produkowane przez nas kardiomonitory i defibrylatory, kt\u00f3re wykorzystywane s\u0105 w wielu plac\u00f3wkach medycznych w Polsce i zagranic\u0105. Liczymy na wiele owocnych spotka\u0144 i rozm\u00f3w, dzi\u0119ki kt\u00f3rym mo\u017cemy wdra\u017ca\u0107 najlepsze rozwi\u0105zania w naszych urz\u0105dzeniach.<\/p>\n","protected":false},"excerpt":{"rendered":"<p>Ju\u017c dzi\u015b serdecznie zapraszamy na XXVI Mi\u0119dzynarodowy Kongres Polskiego Towarzystwa Kardiologicznego. Wydarzenie to odb\u0119dzie si\u0119 w dniach 22-24 wrze\u015bnia 2022 roku w Mi\u0119dzynarodowym Centrum Kongresowym w Katowicach. Jest to jedno z najwa\u017cniejszych spotka\u0144 naukowych i edukacyjnych lekarzy kardiolog\u00f3w w Polsce. B\u0119dziemy prezentowa\u0107 produkowane przez nas kardiomonitory i defibrylatory, kt\u00f3re wykorzystywane s\u0105 w wielu plac\u00f3wkach medycznych&#8230;<\/p>\n","protected":false},"author":6,"featured_media":0,"comment_status":"open","ping_status":"open","sticky":false,"template":"","format":"standard","meta":{"_jet_sm_ready_style":"","_jet_sm_style":"","_jet_sm_controls_values":"","_jet_sm_fonts_collection":"","_jet_sm_fonts_links":"","footnotes":"","_links_to":"","_links_to_target":""},"categories":[1],"tags":[],"class_list":["post-2522","post","type-post","status-publish","format-standard","hentry","category-aktualnosci"],"yoast_head":"<!-- This site is optimized with the Yoast SEO plugin v27.4 - https:\/\/yoast.com\/product\/yoast-seo-wordpress\/ -->\n<title>EMTEL na Kongresie Polskiego Towarzystwa Kardiologicznego - EMTEL - kardiomonitory, defibrylatory, profesjonalny serwis producenta<\/title>\n<meta name=\"robots\" content=\"index, follow, max-snippet:-1, max-image-preview:large, max-video-preview:-1\" \/>\n<link rel=\"canonical\" href=\"https:\/\/emtel.pl\/index.php\/emtel-na-kongresie-polskiego-towarzystwa-kardiologicznego\/\" \/>\n<meta property=\"og:locale\" content=\"pl_PL\" \/>\n<meta property=\"og:type\" content=\"article\" \/>\n<meta property=\"og:title\" content=\"EMTEL na Kongresie Polskiego Towarzystwa Kardiologicznego - EMTEL - kardiomonitory, defibrylatory, profesjonalny serwis producenta\" \/>\n<meta property=\"og:description\" content=\"Ju\u017c dzi\u015b serdecznie zapraszamy na XXVI Mi\u0119dzynarodowy Kongres Polskiego Towarzystwa Kardiologicznego. Wydarzenie to odb\u0119dzie si\u0119 w dniach 22-24 wrze\u015bnia 2022 roku w Mi\u0119dzynarodowym Centrum Kongresowym w Katowicach. Jest to jedno z najwa\u017cniejszych spotka\u0144 naukowych i edukacyjnych lekarzy kardiolog\u00f3w w Polsce. B\u0119dziemy prezentowa\u0107 produkowane przez nas kardiomonitory i defibrylatory, kt\u00f3re wykorzystywane s\u0105 w wielu plac\u00f3wkach medycznych...\" \/>\n<meta property=\"og:url\" content=\"https:\/\/emtel.pl\/index.php\/emtel-na-kongresie-polskiego-towarzystwa-kardiologicznego\/\" \/>\n<meta property=\"og:site_name\" content=\"EMTEL - kardiomonitory, defibrylatory, profesjonalny serwis producenta\" \/>\n<meta property=\"article:published_time\" content=\"2022-09-04T11:00:58+00:00\" \/>\n<meta name=\"author\" content=\"Anna W\u0142odarczyk\" \/>\n<meta name=\"twitter:card\" content=\"summary_large_image\" \/>\n<meta name=\"twitter:label1\" content=\"Napisane przez\" \/>\n\t<meta name=\"twitter:data1\" content=\"Anna W\u0142odarczyk\" \/>\n\t<meta name=\"twitter:label2\" content=\"Szacowany czas czytania\" \/>\n\t<meta name=\"twitter:data2\" content=\"1 minuta\" \/>\n<script type=\"application\/ld+json\" class=\"yoast-schema-graph\">{\"@context\":\"https:\\\/\\\/schema.org\",\"@graph\":[{\"@type\":\"Article\",\"@id\":\"https:\\\/\\\/emtel.pl\\\/index.php\\\/emtel-na-kongresie-polskiego-towarzystwa-kardiologicznego\\\/#article\",\"isPartOf\":{\"@id\":\"https:\\\/\\\/emtel.pl\\\/index.php\\\/emtel-na-kongresie-polskiego-towarzystwa-kardiologicznego\\\/\"},\"author\":{\"name\":\"Anna W\u0142odarczyk\",\"@id\":\"https:\\\/\\\/emtel.pl\\\/#\\\/schema\\\/person\\\/4c0e43002c7cdc14eb354eea5ead09ef\"},\"headline\":\"EMTEL na Kongresie Polskiego Towarzystwa Kardiologicznego\",\"datePublished\":\"2022-09-04T11:00:58+00:00\",\"mainEntityOfPage\":{\"@id\":\"https:\\\/\\\/emtel.pl\\\/index.php\\\/emtel-na-kongresie-polskiego-towarzystwa-kardiologicznego\\\/\"},\"wordCount\":96,\"commentCount\":0,\"articleSection\":[\"Aktualno\u015bci\"],\"inLanguage\":\"pl-PL\",\"potentialAction\":[{\"@type\":\"CommentAction\",\"name\":\"Comment\",\"target\":[\"https:\\\/\\\/emtel.pl\\\/index.php\\\/emtel-na-kongresie-polskiego-towarzystwa-kardiologicznego\\\/#respond\"]}]},{\"@type\":\"WebPage\",\"@id\":\"https:\\\/\\\/emtel.pl\\\/index.php\\\/emtel-na-kongresie-polskiego-towarzystwa-kardiologicznego\\\/\",\"url\":\"https:\\\/\\\/emtel.pl\\\/index.php\\\/emtel-na-kongresie-polskiego-towarzystwa-kardiologicznego\\\/\",\"name\":\"EMTEL na Kongresie Polskiego Towarzystwa Kardiologicznego - EMTEL - kardiomonitory, defibrylatory, profesjonalny serwis producenta\",\"isPartOf\":{\"@id\":\"https:\\\/\\\/emtel.pl\\\/#website\"},\"datePublished\":\"2022-09-04T11:00:58+00:00\",\"author\":{\"@id\":\"https:\\\/\\\/emtel.pl\\\/#\\\/schema\\\/person\\\/4c0e43002c7cdc14eb354eea5ead09ef\"},\"breadcrumb\":{\"@id\":\"https:\\\/\\\/emtel.pl\\\/index.php\\\/emtel-na-kongresie-polskiego-towarzystwa-kardiologicznego\\\/#breadcrumb\"},\"inLanguage\":\"pl-PL\",\"potentialAction\":[{\"@type\":\"ReadAction\",\"target\":[\"https:\\\/\\\/emtel.pl\\\/index.php\\\/emtel-na-kongresie-polskiego-towarzystwa-kardiologicznego\\\/\"]}]},{\"@type\":\"BreadcrumbList\",\"@id\":\"https:\\\/\\\/emtel.pl\\\/index.php\\\/emtel-na-kongresie-polskiego-towarzystwa-kardiologicznego\\\/#breadcrumb\",\"itemListElement\":[{\"@type\":\"ListItem\",\"position\":1,\"name\":\"Strona g\u0142\u00f3wna\",\"item\":\"https:\\\/\\\/emtel.pl\\\/\"},{\"@type\":\"ListItem\",\"position\":2,\"name\":\"EMTEL na Kongresie Polskiego Towarzystwa Kardiologicznego\"}]},{\"@type\":\"WebSite\",\"@id\":\"https:\\\/\\\/emtel.pl\\\/#website\",\"url\":\"https:\\\/\\\/emtel.pl\\\/\",\"name\":\"EMTEL - kardiomonitory, defibrylatory, profesjonalny serwis producenta\",\"description\":\"Technologia od serca\",\"potentialAction\":[{\"@type\":\"SearchAction\",\"target\":{\"@type\":\"EntryPoint\",\"urlTemplate\":\"https:\\\/\\\/emtel.pl\\\/?s={search_term_string}\"},\"query-input\":{\"@type\":\"PropertyValueSpecification\",\"valueRequired\":true,\"valueName\":\"search_term_string\"}}],\"inLanguage\":\"pl-PL\"},{\"@type\":\"Person\",\"@id\":\"https:\\\/\\\/emtel.pl\\\/#\\\/schema\\\/person\\\/4c0e43002c7cdc14eb354eea5ead09ef\",\"name\":\"Anna W\u0142odarczyk\",\"image\":{\"@type\":\"ImageObject\",\"inLanguage\":\"pl-PL\",\"@id\":\"https:\\\/\\\/secure.gravatar.com\\\/avatar\\\/010e964cf3f7ed77b1f6ecf49c88f10f670e808b615068ffa57867293dfce21a?s=96&d=mm&r=g\",\"url\":\"https:\\\/\\\/secure.gravatar.com\\\/avatar\\\/010e964cf3f7ed77b1f6ecf49c88f10f670e808b615068ffa57867293dfce21a?s=96&d=mm&r=g\",\"contentUrl\":\"https:\\\/\\\/secure.gravatar.com\\\/avatar\\\/010e964cf3f7ed77b1f6ecf49c88f10f670e808b615068ffa57867293dfce21a?s=96&d=mm&r=g\",\"caption\":\"Anna W\u0142odarczyk\"},\"url\":\"https:\\\/\\\/emtel.pl\\\/index.php\\\/author\\\/awlodarczyk\\\/\"}]}<\/script>\n<!-- \/ Yoast SEO plugin. -->","yoast_head_json":{"title":"EMTEL na Kongresie Polskiego Towarzystwa Kardiologicznego - EMTEL - kardiomonitory, defibrylatory, profesjonalny serwis producenta","robots":{"index":"index","follow":"follow","max-snippet":"max-snippet:-1","max-image-preview":"max-image-preview:large","max-video-preview":"max-video-preview:-1"},"canonical":"https:\/\/emtel.pl\/index.php\/emtel-na-kongresie-polskiego-towarzystwa-kardiologicznego\/","og_locale":"pl_PL","og_type":"article","og_title":"EMTEL na Kongresie Polskiego Towarzystwa Kardiologicznego - EMTEL - kardiomonitory, defibrylatory, profesjonalny serwis producenta","og_description":"Ju\u017c dzi\u015b serdecznie zapraszamy na XXVI Mi\u0119dzynarodowy Kongres Polskiego Towarzystwa Kardiologicznego. Wydarzenie to odb\u0119dzie si\u0119 w dniach 22-24 wrze\u015bnia 2022 roku w Mi\u0119dzynarodowym Centrum Kongresowym w Katowicach. Jest to jedno z najwa\u017cniejszych spotka\u0144 naukowych i edukacyjnych lekarzy kardiolog\u00f3w w Polsce. B\u0119dziemy prezentowa\u0107 produkowane przez nas kardiomonitory i defibrylatory, kt\u00f3re wykorzystywane s\u0105 w wielu plac\u00f3wkach medycznych...","og_url":"https:\/\/emtel.pl\/index.php\/emtel-na-kongresie-polskiego-towarzystwa-kardiologicznego\/","og_site_name":"EMTEL - kardiomonitory, defibrylatory, profesjonalny serwis producenta","article_published_time":"2022-09-04T11:00:58+00:00","author":"Anna W\u0142odarczyk","twitter_card":"summary_large_image","twitter_misc":{"Napisane przez":"Anna W\u0142odarczyk","Szacowany czas czytania":"1 minuta"},"schema":{"@context":"https:\/\/schema.org","@graph":[{"@type":"Article","@id":"https:\/\/emtel.pl\/index.php\/emtel-na-kongresie-polskiego-towarzystwa-kardiologicznego\/#article","isPartOf":{"@id":"https:\/\/emtel.pl\/index.php\/emtel-na-kongresie-polskiego-towarzystwa-kardiologicznego\/"},"author":{"name":"Anna W\u0142odarczyk","@id":"https:\/\/emtel.pl\/#\/schema\/person\/4c0e43002c7cdc14eb354eea5ead09ef"},"headline":"EMTEL na Kongresie Polskiego Towarzystwa Kardiologicznego","datePublished":"2022-09-04T11:00:58+00:00","mainEntityOfPage":{"@id":"https:\/\/emtel.pl\/index.php\/emtel-na-kongresie-polskiego-towarzystwa-kardiologicznego\/"},"wordCount":96,"commentCount":0,"articleSection":["Aktualno\u015bci"],"inLanguage":"pl-PL","potentialAction":[{"@type":"CommentAction","name":"Comment","target":["https:\/\/emtel.pl\/index.php\/emtel-na-kongresie-polskiego-towarzystwa-kardiologicznego\/#respond"]}]},{"@type":"WebPage","@id":"https:\/\/emtel.pl\/index.php\/emtel-na-kongresie-polskiego-towarzystwa-kardiologicznego\/","url":"https:\/\/emtel.pl\/index.php\/emtel-na-kongresie-polskiego-towarzystwa-kardiologicznego\/","name":"EMTEL na Kongresie Polskiego Towarzystwa Kardiologicznego - EMTEL - kardiomonitory, defibrylatory, profesjonalny serwis producenta","isPartOf":{"@id":"https:\/\/emtel.pl\/#website"},"datePublished":"2022-09-04T11:00:58+00:00","author":{"@id":"https:\/\/emtel.pl\/#\/schema\/person\/4c0e43002c7cdc14eb354eea5ead09ef"},"breadcrumb":{"@id":"https:\/\/emtel.pl\/index.php\/emtel-na-kongresie-polskiego-towarzystwa-kardiologicznego\/#breadcrumb"},"inLanguage":"pl-PL","potentialAction":[{"@type":"ReadAction","target":["https:\/\/emtel.pl\/index.php\/emtel-na-kongresie-polskiego-towarzystwa-kardiologicznego\/"]}]},{"@type":"BreadcrumbList","@id":"https:\/\/emtel.pl\/index.php\/emtel-na-kongresie-polskiego-towarzystwa-kardiologicznego\/#breadcrumb","itemListElement":[{"@type":"ListItem","position":1,"name":"Strona g\u0142\u00f3wna","item":"https:\/\/emtel.pl\/"},{"@type":"ListItem","position":2,"name":"EMTEL na Kongresie Polskiego Towarzystwa Kardiologicznego"}]},{"@type":"WebSite","@id":"https:\/\/emtel.pl\/#website","url":"https:\/\/emtel.pl\/","name":"EMTEL - kardiomonitory, defibrylatory, profesjonalny serwis producenta","description":"Technologia od serca","potentialAction":[{"@type":"SearchAction","target":{"@type":"EntryPoint","urlTemplate":"https:\/\/emtel.pl\/?s={search_term_string}"},"query-input":{"@type":"PropertyValueSpecification","valueRequired":true,"valueName":"search_term_string"}}],"inLanguage":"pl-PL"},{"@type":"Person","@id":"https:\/\/emtel.pl\/#\/schema\/person\/4c0e43002c7cdc14eb354eea5ead09ef","name":"Anna W\u0142odarczyk","image":{"@type":"ImageObject","inLanguage":"pl-PL","@id":"https:\/\/secure.gravatar.com\/avatar\/010e964cf3f7ed77b1f6ecf49c88f10f670e808b615068ffa57867293dfce21a?s=96&d=mm&r=g","url":"https:\/\/secure.gravatar.com\/avatar\/010e964cf3f7ed77b1f6ecf49c88f10f670e808b615068ffa57867293dfce21a?s=96&d=mm&r=g","contentUrl":"https:\/\/secure.gravatar.com\/avatar\/010e964cf3f7ed77b1f6ecf49c88f10f670e808b615068ffa57867293dfce21a?s=96&d=mm&r=g","caption":"Anna W\u0142odarczyk"},"url":"https:\/\/emtel.pl\/index.php\/author\/awlodarczyk\/"}]}},"_links":{"self":[{"href":"https:\/\/emtel.pl\/index.php\/wp-json\/wp\/v2\/posts\/2522","targetHints":{"allow":["GET"]}}],"collection":[{"href":"https:\/\/emtel.pl\/index.php\/wp-json\/wp\/v2\/posts"}],"about":[{"href":"https:\/\/emtel.pl\/index.php\/wp-json\/wp\/v2\/types\/post"}],"author":[{"embeddable":true,"href":"https:\/\/emtel.pl\/index.php\/wp-json\/wp\/v2\/users\/6"}],"replies":[{"embeddable":true,"href":"https:\/\/emtel.pl\/index.php\/wp-json\/wp\/v2\/comments?post=2522"}],"version-history":[{"count":1,"href":"https:\/\/emtel.pl\/index.php\/wp-json\/wp\/v2\/posts\/2522\/revisions"}],"predecessor-version":[{"id":2523,"href":"https:\/\/emtel.pl\/index.php\/wp-json\/wp\/v2\/posts\/2522\/revisions\/2523"}],"wp:attachment":[{"href":"https:\/\/emtel.pl\/index.php\/wp-json\/wp\/v2\/media?parent=2522"}],"wp:term":[{"taxonomy":"category","embeddable":true,"href":"https:\/\/emtel.pl\/index.php\/wp-json\/wp\/v2\/categories?post=2522"},{"taxonomy":"post_tag","embeddable":true,"href":"https:\/\/emtel.pl\/index.php\/wp-json\/wp\/v2\/tags?post=2522"}],"curies":[{"name":"wp","href":"https:\/\/api.w.org\/{rel}","templated":true}]}}