{"id":2911,"date":"2024-11-08T15:42:45","date_gmt":"2024-11-08T14:42:45","guid":{"rendered":"https:\/\/emtel.pl\/?p=2911"},"modified":"2024-11-08T15:42:47","modified_gmt":"2024-11-08T14:42:47","slug":"salon-medica-2024","status":"publish","type":"post","link":"https:\/\/emtel.pl\/index.php\/salon-medica-2024\/?lang=fr","title":{"rendered":"Salon Medica 2024"},"content":{"rendered":"\n<p>Du 11 au 14 novembre, nous serons pr\u00e9sents au salon MEDICA a D\u00fcsseldorf. Il s&#8217;agit d&#8217;un forum m\u00e9dical mondial qui couvre tous les secteurs des soins m\u00e9dicaux hospitaliers et garantit un aper\u00e7u complet des derniers produits et tendances m\u00e9dicaux.<\/p>\n<p>La participation au salon MEDICA est cofinanc\u00e9e par des fonds de l&#8217;UE. Plus d&#8217;informations sur le cofinancement peuvent \u00eatre trouv\u00e9es <a href=\"https:\/\/emtel.pl\/index.php\/dofinansowania\/\">ici<\/a>.<\/p>\n<p>Nous vous invitons a visiter notre stand A56 dans le hall 10.<\/p>\n","protected":false},"excerpt":{"rendered":"<p>Du 11 au 14 novembre, nous serons pr\u00e9sents au salon MEDICA a D\u00fcsseldorf. Il s&#8217;agit d&#8217;un forum m\u00e9dical mondial qui couvre tous les secteurs des soins m\u00e9dicaux hospitaliers et garantit un aper\u00e7u complet des derniers produits et tendances m\u00e9dicaux. La participation au salon MEDICA est cofinanc\u00e9e par des fonds de l&#8217;UE. Plus d&#8217;informations sur le&#8230;<\/p>\n","protected":false},"author":6,"featured_media":0,"comment_status":"open","ping_status":"open","sticky":false,"template":"","format":"standard","meta":{"_jet_sm_ready_style":"","_jet_sm_style":"","_jet_sm_controls_values":"","_jet_sm_fonts_collection":"","_jet_sm_fonts_links":"","footnotes":"","_links_to":"","_links_to_target":""},"categories":[22],"tags":[],"class_list":["post-2911","post","type-post","status-publish","format-standard","hentry","category-actualites"],"yoast_head":"<!-- This site is optimized with the Yoast SEO plugin v27.4 - https:\/\/yoast.com\/product\/yoast-seo-wordpress\/ -->\n<title>Salon Medica 2024 - EMTEL - kardiomonitory, defibrylatory, profesjonalny serwis producenta<\/title>\n<meta name=\"robots\" content=\"index, follow, max-snippet:-1, max-image-preview:large, max-video-preview:-1\" \/>\n<link rel=\"canonical\" href=\"https:\/\/emtel.pl\/index.php\/salon-medica-2024\/\" \/>\n<meta property=\"og:locale\" content=\"pl_PL\" \/>\n<meta property=\"og:type\" content=\"article\" \/>\n<meta property=\"og:title\" content=\"Salon Medica 2024 - EMTEL - kardiomonitory, defibrylatory, profesjonalny serwis producenta\" \/>\n<meta property=\"og:description\" content=\"Du 11 au 14 novembre, nous serons pr\u00e9sents au salon MEDICA a D\u00fcsseldorf. Il s&#8217;agit d&#8217;un forum m\u00e9dical mondial qui couvre tous les secteurs des soins m\u00e9dicaux hospitaliers et garantit un aper\u00e7u complet des derniers produits et tendances m\u00e9dicaux. La participation au salon MEDICA est cofinanc\u00e9e par des fonds de l&#8217;UE. Plus d&#8217;informations sur le...\" \/>\n<meta property=\"og:url\" content=\"https:\/\/emtel.pl\/index.php\/salon-medica-2024\/?lang=fr\" \/>\n<meta property=\"og:site_name\" content=\"EMTEL - kardiomonitory, defibrylatory, profesjonalny serwis producenta\" \/>\n<meta property=\"article:published_time\" content=\"2024-11-08T14:42:45+00:00\" \/>\n<meta property=\"article:modified_time\" content=\"2024-11-08T14:42:47+00:00\" \/>\n<meta name=\"author\" content=\"Anna W\u0142odarczyk\" \/>\n<meta name=\"twitter:card\" content=\"summary_large_image\" \/>\n<meta name=\"twitter:label1\" content=\"Napisane przez\" \/>\n\t<meta name=\"twitter:data1\" content=\"Anna W\u0142odarczyk\" \/>\n\t<meta name=\"twitter:label2\" content=\"Szacowany czas czytania\" \/>\n\t<meta name=\"twitter:data2\" content=\"1 minuta\" \/>\n<script type=\"application\/ld+json\" class=\"yoast-schema-graph\">{\"@context\":\"https:\\\/\\\/schema.org\",\"@graph\":[{\"@type\":\"Article\",\"@id\":\"https:\\\/\\\/emtel.pl\\\/index.php\\\/salon-medica-2024\\\/?lang=fr#article\",\"isPartOf\":{\"@id\":\"https:\\\/\\\/emtel.pl\\\/index.php\\\/salon-medica-2024\\\/?lang=fr\"},\"author\":{\"name\":\"Anna W\u0142odarczyk\",\"@id\":\"https:\\\/\\\/emtel.pl\\\/#\\\/schema\\\/person\\\/4c0e43002c7cdc14eb354eea5ead09ef\"},\"headline\":\"Salon Medica 2024\",\"datePublished\":\"2024-11-08T14:42:45+00:00\",\"dateModified\":\"2024-11-08T14:42:47+00:00\",\"mainEntityOfPage\":{\"@id\":\"https:\\\/\\\/emtel.pl\\\/index.php\\\/salon-medica-2024\\\/?lang=fr\"},\"wordCount\":83,\"commentCount\":0,\"articleSection\":[\"Actualit\u00e9s\"],\"inLanguage\":\"pl-PL\",\"potentialAction\":[{\"@type\":\"CommentAction\",\"name\":\"Comment\",\"target\":[\"https:\\\/\\\/emtel.pl\\\/index.php\\\/salon-medica-2024\\\/?lang=fr#respond\"]}]},{\"@type\":\"WebPage\",\"@id\":\"https:\\\/\\\/emtel.pl\\\/index.php\\\/salon-medica-2024\\\/?lang=fr\",\"url\":\"https:\\\/\\\/emtel.pl\\\/index.php\\\/salon-medica-2024\\\/?lang=fr\",\"name\":\"Salon Medica 2024 - EMTEL - kardiomonitory, defibrylatory, profesjonalny serwis producenta\",\"isPartOf\":{\"@id\":\"https:\\\/\\\/emtel.pl\\\/#website\"},\"datePublished\":\"2024-11-08T14:42:45+00:00\",\"dateModified\":\"2024-11-08T14:42:47+00:00\",\"author\":{\"@id\":\"https:\\\/\\\/emtel.pl\\\/#\\\/schema\\\/person\\\/4c0e43002c7cdc14eb354eea5ead09ef\"},\"breadcrumb\":{\"@id\":\"https:\\\/\\\/emtel.pl\\\/index.php\\\/salon-medica-2024\\\/?lang=fr#breadcrumb\"},\"inLanguage\":\"pl-PL\",\"potentialAction\":[{\"@type\":\"ReadAction\",\"target\":[\"https:\\\/\\\/emtel.pl\\\/index.php\\\/salon-medica-2024\\\/?lang=fr\"]}]},{\"@type\":\"BreadcrumbList\",\"@id\":\"https:\\\/\\\/emtel.pl\\\/index.php\\\/salon-medica-2024\\\/?lang=fr#breadcrumb\",\"itemListElement\":[{\"@type\":\"ListItem\",\"position\":1,\"name\":\"Strona g\u0142\u00f3wna\",\"item\":\"https:\\\/\\\/emtel.pl\\\/\"},{\"@type\":\"ListItem\",\"position\":2,\"name\":\"Salon Medica 2024\"}]},{\"@type\":\"WebSite\",\"@id\":\"https:\\\/\\\/emtel.pl\\\/#website\",\"url\":\"https:\\\/\\\/emtel.pl\\\/\",\"name\":\"EMTEL - kardiomonitory, defibrylatory, profesjonalny serwis producenta\",\"description\":\"Technologia od serca\",\"potentialAction\":[{\"@type\":\"SearchAction\",\"target\":{\"@type\":\"EntryPoint\",\"urlTemplate\":\"https:\\\/\\\/emtel.pl\\\/?s={search_term_string}\"},\"query-input\":{\"@type\":\"PropertyValueSpecification\",\"valueRequired\":true,\"valueName\":\"search_term_string\"}}],\"inLanguage\":\"pl-PL\"},{\"@type\":\"Person\",\"@id\":\"https:\\\/\\\/emtel.pl\\\/#\\\/schema\\\/person\\\/4c0e43002c7cdc14eb354eea5ead09ef\",\"name\":\"Anna W\u0142odarczyk\",\"image\":{\"@type\":\"ImageObject\",\"inLanguage\":\"pl-PL\",\"@id\":\"https:\\\/\\\/secure.gravatar.com\\\/avatar\\\/010e964cf3f7ed77b1f6ecf49c88f10f670e808b615068ffa57867293dfce21a?s=96&d=mm&r=g\",\"url\":\"https:\\\/\\\/secure.gravatar.com\\\/avatar\\\/010e964cf3f7ed77b1f6ecf49c88f10f670e808b615068ffa57867293dfce21a?s=96&d=mm&r=g\",\"contentUrl\":\"https:\\\/\\\/secure.gravatar.com\\\/avatar\\\/010e964cf3f7ed77b1f6ecf49c88f10f670e808b615068ffa57867293dfce21a?s=96&d=mm&r=g\",\"caption\":\"Anna W\u0142odarczyk\"},\"url\":\"https:\\\/\\\/emtel.pl\\\/index.php\\\/author\\\/awlodarczyk\\\/\"}]}<\/script>\n<!-- \/ Yoast SEO plugin. -->","yoast_head_json":{"title":"Salon Medica 2024 - EMTEL - kardiomonitory, defibrylatory, profesjonalny serwis producenta","robots":{"index":"index","follow":"follow","max-snippet":"max-snippet:-1","max-image-preview":"max-image-preview:large","max-video-preview":"max-video-preview:-1"},"canonical":"https:\/\/emtel.pl\/index.php\/salon-medica-2024\/","og_locale":"pl_PL","og_type":"article","og_title":"Salon Medica 2024 - EMTEL - kardiomonitory, defibrylatory, profesjonalny serwis producenta","og_description":"Du 11 au 14 novembre, nous serons pr\u00e9sents au salon MEDICA a D\u00fcsseldorf. Il s&#8217;agit d&#8217;un forum m\u00e9dical mondial qui couvre tous les secteurs des soins m\u00e9dicaux hospitaliers et garantit un aper\u00e7u complet des derniers produits et tendances m\u00e9dicaux. La participation au salon MEDICA est cofinanc\u00e9e par des fonds de l&#8217;UE. Plus d&#8217;informations sur le...","og_url":"https:\/\/emtel.pl\/index.php\/salon-medica-2024\/?lang=fr","og_site_name":"EMTEL - kardiomonitory, defibrylatory, profesjonalny serwis producenta","article_published_time":"2024-11-08T14:42:45+00:00","article_modified_time":"2024-11-08T14:42:47+00:00","author":"Anna W\u0142odarczyk","twitter_card":"summary_large_image","twitter_misc":{"Napisane przez":"Anna W\u0142odarczyk","Szacowany czas czytania":"1 minuta"},"schema":{"@context":"https:\/\/schema.org","@graph":[{"@type":"Article","@id":"https:\/\/emtel.pl\/index.php\/salon-medica-2024\/?lang=fr#article","isPartOf":{"@id":"https:\/\/emtel.pl\/index.php\/salon-medica-2024\/?lang=fr"},"author":{"name":"Anna W\u0142odarczyk","@id":"https:\/\/emtel.pl\/#\/schema\/person\/4c0e43002c7cdc14eb354eea5ead09ef"},"headline":"Salon Medica 2024","datePublished":"2024-11-08T14:42:45+00:00","dateModified":"2024-11-08T14:42:47+00:00","mainEntityOfPage":{"@id":"https:\/\/emtel.pl\/index.php\/salon-medica-2024\/?lang=fr"},"wordCount":83,"commentCount":0,"articleSection":["Actualit\u00e9s"],"inLanguage":"pl-PL","potentialAction":[{"@type":"CommentAction","name":"Comment","target":["https:\/\/emtel.pl\/index.php\/salon-medica-2024\/?lang=fr#respond"]}]},{"@type":"WebPage","@id":"https:\/\/emtel.pl\/index.php\/salon-medica-2024\/?lang=fr","url":"https:\/\/emtel.pl\/index.php\/salon-medica-2024\/?lang=fr","name":"Salon Medica 2024 - EMTEL - kardiomonitory, defibrylatory, profesjonalny serwis producenta","isPartOf":{"@id":"https:\/\/emtel.pl\/#website"},"datePublished":"2024-11-08T14:42:45+00:00","dateModified":"2024-11-08T14:42:47+00:00","author":{"@id":"https:\/\/emtel.pl\/#\/schema\/person\/4c0e43002c7cdc14eb354eea5ead09ef"},"breadcrumb":{"@id":"https:\/\/emtel.pl\/index.php\/salon-medica-2024\/?lang=fr#breadcrumb"},"inLanguage":"pl-PL","potentialAction":[{"@type":"ReadAction","target":["https:\/\/emtel.pl\/index.php\/salon-medica-2024\/?lang=fr"]}]},{"@type":"BreadcrumbList","@id":"https:\/\/emtel.pl\/index.php\/salon-medica-2024\/?lang=fr#breadcrumb","itemListElement":[{"@type":"ListItem","position":1,"name":"Strona g\u0142\u00f3wna","item":"https:\/\/emtel.pl\/"},{"@type":"ListItem","position":2,"name":"Salon Medica 2024"}]},{"@type":"WebSite","@id":"https:\/\/emtel.pl\/#website","url":"https:\/\/emtel.pl\/","name":"EMTEL - kardiomonitory, defibrylatory, profesjonalny serwis producenta","description":"Technologia od serca","potentialAction":[{"@type":"SearchAction","target":{"@type":"EntryPoint","urlTemplate":"https:\/\/emtel.pl\/?s={search_term_string}"},"query-input":{"@type":"PropertyValueSpecification","valueRequired":true,"valueName":"search_term_string"}}],"inLanguage":"pl-PL"},{"@type":"Person","@id":"https:\/\/emtel.pl\/#\/schema\/person\/4c0e43002c7cdc14eb354eea5ead09ef","name":"Anna W\u0142odarczyk","image":{"@type":"ImageObject","inLanguage":"pl-PL","@id":"https:\/\/secure.gravatar.com\/avatar\/010e964cf3f7ed77b1f6ecf49c88f10f670e808b615068ffa57867293dfce21a?s=96&d=mm&r=g","url":"https:\/\/secure.gravatar.com\/avatar\/010e964cf3f7ed77b1f6ecf49c88f10f670e808b615068ffa57867293dfce21a?s=96&d=mm&r=g","contentUrl":"https:\/\/secure.gravatar.com\/avatar\/010e964cf3f7ed77b1f6ecf49c88f10f670e808b615068ffa57867293dfce21a?s=96&d=mm&r=g","caption":"Anna W\u0142odarczyk"},"url":"https:\/\/emtel.pl\/index.php\/author\/awlodarczyk\/"}]}},"_links":{"self":[{"href":"https:\/\/emtel.pl\/index.php\/wp-json\/wp\/v2\/posts\/2911","targetHints":{"allow":["GET"]}}],"collection":[{"href":"https:\/\/emtel.pl\/index.php\/wp-json\/wp\/v2\/posts"}],"about":[{"href":"https:\/\/emtel.pl\/index.php\/wp-json\/wp\/v2\/types\/post"}],"author":[{"embeddable":true,"href":"https:\/\/emtel.pl\/index.php\/wp-json\/wp\/v2\/users\/6"}],"replies":[{"embeddable":true,"href":"https:\/\/emtel.pl\/index.php\/wp-json\/wp\/v2\/comments?post=2911"}],"version-history":[{"count":1,"href":"https:\/\/emtel.pl\/index.php\/wp-json\/wp\/v2\/posts\/2911\/revisions"}],"predecessor-version":[{"id":2912,"href":"https:\/\/emtel.pl\/index.php\/wp-json\/wp\/v2\/posts\/2911\/revisions\/2912"}],"wp:attachment":[{"href":"https:\/\/emtel.pl\/index.php\/wp-json\/wp\/v2\/media?parent=2911"}],"wp:term":[{"taxonomy":"category","embeddable":true,"href":"https:\/\/emtel.pl\/index.php\/wp-json\/wp\/v2\/categories?post=2911"},{"taxonomy":"post_tag","embeddable":true,"href":"https:\/\/emtel.pl\/index.php\/wp-json\/wp\/v2\/tags?post=2911"}],"curies":[{"name":"wp","href":"https:\/\/api.w.org\/{rel}","templated":true}]}}